{"id":1136,"date":"2024-02-19T11:30:00","date_gmt":"2024-02-19T10:30:00","guid":{"rendered":"https:\/\/dev.ursus.be\/?p=1136"},"modified":"2025-11-13T11:54:16","modified_gmt":"2025-11-13T10:54:16","slug":"journee-langue-maternelle","status":"publish","type":"post","link":"https:\/\/www.ursus.be\/fr\/dag-van-de-moedertaal\/","title":{"rendered":"Journ\u00e9e de la langue maternelle 2024"},"content":{"rendered":"<p>Chez Ursus, nos employ\u00e9s parlent leur langue maternelle avec fiert\u00e9. Chez Ursus, nos employ\u00e9s parlent leur langue maternelle avec fiert\u00e9. <strong>Journ\u00e9e de la langue maternelle<\/strong> nous aimerions vous montrer l'ADN multiculturel de notre lieu de travail. Nous nous sentons comme une grande famille et nous travaillons ensemble sur des solutions innovantes dans le secteur de la construction.<\/p>\n\n\n\n<figure class=\"wp-block-embed is-type-video is-provider-youtube wp-block-embed-youtube wp-embed-aspect-16-9 wp-has-aspect-ratio\"><div class=\"wp-block-embed__wrapper\">\n<iframe loading=\"lazy\" title=\"Journ\u00e9e internationale de la langue maternelle 2024\" width=\"720\" height=\"405\" src=\"https:\/\/www.youtube.com\/embed\/3Bv_TKinKl4?feature=oembed\" frameborder=\"0\" allow=\"accelerometer; autoplay; clipboard-write; encrypted-media; gyroscope; picture-in-picture; web-share\" referrerpolicy=\"strict-origin-when-cross-origin\" allowfullscreen><\/iframe>\n<\/div><\/figure>\n\n\n\n<p>Vous voulez aussi \u00eatre cr\u00e9atif avec l'aluminium ? Venez travailler chez Ursus !<\/p>\n\n\n\n<p><a href=\"https:\/\/jobs.ursus.be\/\" target=\"_blank\" rel=\"noreferrer noopener nofollow\">Consultez nos offres d'emploi ici.<\/a><\/p>","protected":false},"excerpt":{"rendered":"<p>Chez Ursus, nos employ\u00e9s sont fiers de parler leur propre langue maternelle. \u00c0 l'occasion de la Journ\u00e9e de la langue maternelle, nous sommes heureux de vous montrer l'ADN multiculturel de notre lieu de travail.<\/p>","protected":false},"author":3,"featured_media":1140,"comment_status":"closed","ping_status":"closed","sticky":false,"template":"","format":"standard","meta":{"_kad_blocks_custom_css":"","_kad_blocks_head_custom_js":"","_kad_blocks_body_custom_js":"","_kad_blocks_footer_custom_js":"","_kad_post_transparent":"","_kad_post_title":"","_kad_post_layout":"","_kad_post_sidebar_id":"","_kad_post_content_style":"","_kad_post_vertical_padding":"","_kad_post_feature":"","_kad_post_feature_position":"","_kad_post_header":false,"_kad_post_footer":false,"_kad_post_classname":"","footnotes":""},"categories":[1],"tags":[],"class_list":["post-1136","post","type-post","status-publish","format-standard","has-post-thumbnail","hentry","category-nieuws"],"taxonomy_info":{"category":[{"value":1,"label":"Nieuws"}]},"featured_image_src_large":["https:\/\/www.ursus.be\/wp-content\/uploads\/2025\/11\/Internationale-Moedertaaldag-visual-1290x824.jpg",1290,824,true],"author_info":{"display_name":"Ann-Sophie","author_link":"https:\/\/www.ursus.be\/fr\/author\/ann-sophie\/"},"comment_info":0,"category_info":[{"term_id":1,"name":"Nieuws","slug":"nieuws","term_group":0,"term_taxonomy_id":1,"taxonomy":"category","description":"","parent":0,"count":8,"filter":"raw","cat_ID":1,"category_count":8,"category_description":"","cat_name":"Nieuws","category_nicename":"nieuws","category_parent":0}],"tag_info":false,"_links":{"self":[{"href":"https:\/\/www.ursus.be\/fr\/wp-json\/wp\/v2\/posts\/1136","targetHints":{"allow":["GET"]}}],"collection":[{"href":"https:\/\/www.ursus.be\/fr\/wp-json\/wp\/v2\/posts"}],"about":[{"href":"https:\/\/www.ursus.be\/fr\/wp-json\/wp\/v2\/types\/post"}],"author":[{"embeddable":true,"href":"https:\/\/www.ursus.be\/fr\/wp-json\/wp\/v2\/users\/3"}],"replies":[{"embeddable":true,"href":"https:\/\/www.ursus.be\/fr\/wp-json\/wp\/v2\/comments?post=1136"}],"version-history":[{"count":0,"href":"https:\/\/www.ursus.be\/fr\/wp-json\/wp\/v2\/posts\/1136\/revisions"}],"wp:featuredmedia":[{"embeddable":true,"href":"https:\/\/www.ursus.be\/fr\/wp-json\/wp\/v2\/media\/1140"}],"wp:attachment":[{"href":"https:\/\/www.ursus.be\/fr\/wp-json\/wp\/v2\/media?parent=1136"}],"wp:term":[{"taxonomy":"category","embeddable":true,"href":"https:\/\/www.ursus.be\/fr\/wp-json\/wp\/v2\/categories?post=1136"},{"taxonomy":"post_tag","embeddable":true,"href":"https:\/\/www.ursus.be\/fr\/wp-json\/wp\/v2\/tags?post=1136"}],"curies":[{"name":"wp","href":"https:\/\/api.w.org\/{rel}","templated":true}]}}